{"id":6935,"date":"2016-12-20T16:00:25","date_gmt":"2016-12-20T15:00:25","guid":{"rendered":"http:\/\/kleinheart2.vinterstum.no\/?p=6935"},"modified":"2016-12-20T15:58:37","modified_gmt":"2016-12-20T14:58:37","slug":"luke-21-historien-om-min-grandonkel","status":"publish","type":"post","link":"http:\/\/kleinheart2.vinterstum.no\/?p=6935","title":{"rendered":"Luke 20: Alt om min Grandonkel"},"content":{"rendered":"<p><em>I dag var det egentlig Mannen med Katten som skulle levere luke til dere, men grunnet at katten har blitt syk s\u00e5 blir det istedet jeg som\u00a0leverer i dag. Mannen har lovt at han kommer sterkere tilbake i morgen med bla full frontal nudity. &#8211; Henka.<\/em><\/p>\n<hr \/>\n<p>Du har kanskje spurt deg selv om det er slags familie Kleinheart egentlig er. Hvor stammer de fra? Hvem er de egentlig? Hvordan og hvorledes gikk det s\u00e5 fryktelig, fryktelig galt?<\/p>\n<p>Og du er ikke alene. Jeg har i de siste \u00e5r bedrevet ganske dyptg\u00e5ende slektsforskning\u00a0i v\u00e5r spennende og skakkj\u00f8rte familie.<\/p>\n<p>Og det er ikke rent f\u00e5 historier og spennende skjebner som lusker i historiens fjerneste og m\u00f8rkeste korridorer. Jeg kunne trukket frem s\u00e5 mangt. Men jeg velger \u00e5 presentere dere for historien til v\u00e5r tipp-tipp-grand-grand-onkel:<\/p>\n<h4>Lambert K\u00e5nrad Fisel KleinhJarte.<\/h4>\n<p>Lambert ble f\u00f8dt p\u00e5 g\u00e5rden <em>\u00d8vre Kleinmark<\/em> i Hegdalen i 1802 som den yngste av 16 barn, alle s\u00f8nner. Med s\u00e5 mange barn var det selvsagt umulig for familien \u00e5 br\u00f8df\u00f8 alle sammen, s\u00e5 Lambert ble som 12\u00e5ring sendt til sin onkel Buskvass og tante Slafsekasse-Marie i Christiania for \u00e5 g\u00e5 i l\u00e6re som Telb-syer ( kjent p\u00e5 tiden som \u00a0<em>T\u00e6lb-t\u00f8s\u00a0<\/em>)<\/p>\n<figure id=\"attachment_6942\" aria-describedby=\"caption-attachment-6942\" style=\"width: 785px\" class=\"wp-caption aligncenter\"><a href=\"https:\/\/i0.wp.com\/kleinheart2.vinterstum.no\/wp-content\/uploads\/2016\/12\/gutter-ski.jpg\"><img loading=\"lazy\" class=\"size-large wp-image-6942\" src=\"https:\/\/i0.wp.com\/kleinheart2.vinterstum.no\/wp-content\/uploads\/2016\/12\/gutter-ski.jpg?resize=785%2C327\" alt=\"\" width=\"785\" height=\"327\" srcset=\"https:\/\/i0.wp.com\/kleinheart2.vinterstum.no\/wp-content\/uploads\/2016\/12\/gutter-ski.jpg?resize=785%2C327 785w, https:\/\/i0.wp.com\/kleinheart2.vinterstum.no\/wp-content\/uploads\/2016\/12\/gutter-ski.jpg?resize=300%2C125 300w, https:\/\/i0.wp.com\/kleinheart2.vinterstum.no\/wp-content\/uploads\/2016\/12\/gutter-ski.jpg?resize=768%2C320 768w, https:\/\/i0.wp.com\/kleinheart2.vinterstum.no\/wp-content\/uploads\/2016\/12\/gutter-ski.jpg?w=960 960w\" sizes=\"(max-width: 709px) 85vw, (max-width: 909px) 67vw, (max-width: 984px) 61vw, (max-width: 1362px) 45vw, 600px\" data-recalc-dims=\"1\" \/><\/a><figcaption id=\"caption-attachment-6942\" class=\"wp-caption-text\">De yngste guttene p\u00e5 garden \u00d8vre Kleinmark. Fra venstre: Geir-Vaffel Kleinhjarte, Lambert Konrad Fisel Kleinhjarte og Pukkel Vakletuft Kleinhjarte.<\/figcaption><\/figure>\n<p>Det l\u00e5 imidlertid ikke i kortene at Lambert skulle bil Telbskredder. Han begynte istedenfor \u00e5 jobbe for hovedstadens st\u00f8rste avis, <strong>Aftenpoften<\/strong>. Etter \u00e5 ha solgt aviser p\u00e5 gatehj\u00f8rner i flere \u00e5r, som s\u00e5kalt <em>B\u00f8sse-dr\u00e6nge,<\/em> l\u00e5 veien til\u00a0\u00e5 studere \u00e5pen. Studielivet passet en ung Lambert godt, og etter kun fire \u00e5r var han klar til \u00e5 g\u00e5 opp til s\u00e5kalt <em>\u00c6mb\u00e6ts\u00e6ksamen i Litteraturgium<\/em>. Han ble da sendt ut p\u00e5 reisefot i det vidstrakte landet for \u00e5 samle r\u00f8verhistorier og sakprosa. Dette var noe alle m\u00e5tte igjennom p\u00e5 denne tiden.<\/p>\n<figure id=\"attachment_6951\" aria-describedby=\"caption-attachment-6951\" style=\"width: 219px\" class=\"wp-caption aligncenter\"><a href=\"https:\/\/i1.wp.com\/kleinheart2.vinterstum.no\/wp-content\/uploads\/2016\/12\/lambertstudent.jpg\"><img loading=\"lazy\" class=\"wp-image-6951 size-medium\" src=\"https:\/\/i1.wp.com\/kleinheart2.vinterstum.no\/wp-content\/uploads\/2016\/12\/lambertstudent.jpg?resize=219%2C300\" width=\"219\" height=\"300\" srcset=\"https:\/\/i1.wp.com\/kleinheart2.vinterstum.no\/wp-content\/uploads\/2016\/12\/lambertstudent.jpg?resize=219%2C300 219w, https:\/\/i1.wp.com\/kleinheart2.vinterstum.no\/wp-content\/uploads\/2016\/12\/lambertstudent.jpg?w=437 437w\" sizes=\"(max-width: 219px) 85vw, 219px\" data-recalc-dims=\"1\" \/><\/a><figcaption id=\"caption-attachment-6951\" class=\"wp-caption-text\">Lambert som ung student<\/figcaption><\/figure>\n<p>P\u00e5 hans reiser samlet han mest sm\u00e5 dikt og historier fra folkelivet, s\u00e5nn han opplevde det. Det er nok ikke til \u00e5 komme unna at noen av diktene ogs\u00e5 er hans egne. Flere av diktene handler om juletiden, derfor f\u00f8ler jeg det passer \u00e5 trekke noen av disse frem n\u00e5.<\/p>\n<figure id=\"attachment_6945\" aria-describedby=\"caption-attachment-6945\" style=\"width: 396px\" class=\"wp-caption aligncenter\"><a href=\"https:\/\/i0.wp.com\/kleinheart2.vinterstum.no\/wp-content\/uploads\/2016\/12\/reklame.jpg\"><img loading=\"lazy\" class=\"size-full wp-image-6945\" src=\"https:\/\/i0.wp.com\/kleinheart2.vinterstum.no\/wp-content\/uploads\/2016\/12\/reklame.jpg?resize=396%2C791\" alt=\"\" width=\"396\" height=\"791\" srcset=\"https:\/\/i0.wp.com\/kleinheart2.vinterstum.no\/wp-content\/uploads\/2016\/12\/reklame.jpg?w=396 396w, https:\/\/i0.wp.com\/kleinheart2.vinterstum.no\/wp-content\/uploads\/2016\/12\/reklame.jpg?resize=150%2C300 150w\" sizes=\"(max-width: 396px) 85vw, 396px\" data-recalc-dims=\"1\" \/><\/a><figcaption id=\"caption-attachment-6945\" class=\"wp-caption-text\">Lambert pr\u00f8vde seg ogs\u00e5 en kort periode som modell i reklamer<\/figcaption><\/figure>\n<p>Et av diktene jeg gjerne vil trekke fram stammer, if\u00f8lge Lambert, fra <em>&#8220;En Tr\u00f8nderfan jeg m\u00f8dte i G\u00e6mle Nidaros stad i Juuletiden i 1830&#8221;<\/em>. Til tross for det gammeldagse spr\u00e5ket er det overaskende hvor moderne diktet er i sin form, helt uten hverken rytme eller rim:<\/p>\n<blockquote><p>F\u00f8rste juuledag.<br \/>\nDejlig at sove<br \/>\nMeget Aque i g\u00e5r aftens.<br \/>\nMunn-abborth.<\/p><\/blockquote>\n<p>Vi finner ogs\u00e5 juletemaet i et dikt senere i hans nedtegnelser. Her er kun\u00a0\u00e5rstallet oppgitt, 1827. Det er derfor n\u00e6rliggende \u00e5 anta at dette er diktet av Lambert selv:<\/p>\n<blockquote><p>Juulekveld &#8211; heele fammilien er tilsteede<br \/>\nSaa gaar vi runnt om en Juuletregran<br \/>\nBaare mjuke pakker under treet.<br \/>\nTakk skaal dee ha, Juuleniisse-faan.<\/p><\/blockquote>\n<figure id=\"attachment_6943\" aria-describedby=\"caption-attachment-6943\" style=\"width: 785px\" class=\"wp-caption alignnone\"><img loading=\"lazy\" class=\"wp-image-6943 size-large\" src=\"https:\/\/i0.wp.com\/kleinheart2.vinterstum.no\/wp-content\/uploads\/2016\/12\/reisefot.jpg?resize=785%2C509\" width=\"785\" height=\"509\" srcset=\"https:\/\/i0.wp.com\/kleinheart2.vinterstum.no\/wp-content\/uploads\/2016\/12\/reisefot.jpg?resize=785%2C509 785w, https:\/\/i0.wp.com\/kleinheart2.vinterstum.no\/wp-content\/uploads\/2016\/12\/reisefot.jpg?resize=300%2C195 300w, https:\/\/i0.wp.com\/kleinheart2.vinterstum.no\/wp-content\/uploads\/2016\/12\/reisefot.jpg?resize=768%2C498 768w, https:\/\/i0.wp.com\/kleinheart2.vinterstum.no\/wp-content\/uploads\/2016\/12\/reisefot.jpg?resize=1200%2C778 1200w, https:\/\/i0.wp.com\/kleinheart2.vinterstum.no\/wp-content\/uploads\/2016\/12\/reisefot.jpg?w=1913 1913w, https:\/\/i0.wp.com\/kleinheart2.vinterstum.no\/wp-content\/uploads\/2016\/12\/reisefot.jpg?w=1680 1680w\" sizes=\"(max-width: 709px) 85vw, (max-width: 909px) 67vw, (max-width: 984px) 61vw, (max-width: 1362px) 45vw, 600px\" data-recalc-dims=\"1\" \/><figcaption id=\"caption-attachment-6943\" class=\"wp-caption-text\">Lambert p\u00e5 reisefot med sine to f\u00f8lgesvenner, Jibel og Jabel Kloompfot.<\/figcaption><\/figure>\n<p>&nbsp;<\/p>\n<p>Et siste dikt jeg gjerne vil trekke frem er av de sist daterte i hans nedtegnelser &#8211; fra <em>&#8220;Gaus-Dahlen, 1848&#8221; ( Her er imidlertid h\u00e5ndskriften til Lambert noe sviktende, s\u00e5 det kan ogs\u00e5 v\u00e6re det st\u00e5r &#8220;Gaus-Dahle, 1848&#8221; )<\/em>. Idag er det lett \u00e5 trekke dette frem som et s\u00e5kalt Limerick, men p\u00e5 denne tiden var dette uh\u00f8rt i Norge. Tematikken i diktet gj\u00f8r ogs\u00e5 at man kan sp\u00f8rre seg om dette er et selvbiografisk verk:<\/p>\n<blockquote><p>En ung student ifraa Husmandsplassen<br \/>\nP\u00e5 fylla skulde, og gaa gassen<br \/>\nLitt for meget det ble,<br \/>\nOg s\u00e4a skulle mand see,<br \/>\nHan\u00a0m\u00e5tte robe av fult hjerte i utedassen<\/p><\/blockquote>\n<p>Dette er alts\u00e5 et av de siste nedtegnede litter\u00e6re sporene etter Lambert K\u00e5nrad Fisel Kleinhjarte. Han d\u00f8de, if\u00f8lge kirkeb\u00f8kene, i Nordkjosbotn i 1849. Han skal ha d\u00f8dd av alvorlig Hokra kun 47 \u00e5r gammel.<\/p>\n<p>Det var siste n\u00f8dblogg fra meg i \u00e5r. Takk for alt og ha en god jul og et vellykket liv videre.<\/p>\n<p>HENKA OUT.<\/p>\n","protected":false},"excerpt":{"rendered":"<p>I dag var det egentlig Mannen med Katten som skulle levere luke til dere, men grunnet at katten har blitt syk s\u00e5 blir det istedet jeg som\u00a0leverer i dag. Mannen har lovt at han kommer sterkere tilbake i morgen med bla full frontal nudity. &#8211; Henka. Du har kanskje spurt deg selv om det er &hellip; <a href=\"http:\/\/kleinheart2.vinterstum.no\/?p=6935\" class=\"more-link\">Continue reading<span class=\"screen-reader-text\"> &#8220;Luke 20: Alt om min Grandonkel&#8221;<\/span><\/a><\/p>\n","protected":false},"author":3,"featured_media":0,"comment_status":"open","ping_status":"open","sticky":false,"template":"","format":"standard","meta":{"spay_email":""},"categories":[1],"tags":[875,876],"jetpack_featured_media_url":"","jetpack_shortlink":"https:\/\/wp.me\/p223SL-1NR","_links":{"self":[{"href":"http:\/\/kleinheart2.vinterstum.no\/index.php?rest_route=\/wp\/v2\/posts\/6935"}],"collection":[{"href":"http:\/\/kleinheart2.vinterstum.no\/index.php?rest_route=\/wp\/v2\/posts"}],"about":[{"href":"http:\/\/kleinheart2.vinterstum.no\/index.php?rest_route=\/wp\/v2\/types\/post"}],"author":[{"embeddable":true,"href":"http:\/\/kleinheart2.vinterstum.no\/index.php?rest_route=\/wp\/v2\/users\/3"}],"replies":[{"embeddable":true,"href":"http:\/\/kleinheart2.vinterstum.no\/index.php?rest_route=%2Fwp%2Fv2%2Fcomments&post=6935"}],"version-history":[{"count":14,"href":"http:\/\/kleinheart2.vinterstum.no\/index.php?rest_route=\/wp\/v2\/posts\/6935\/revisions"}],"predecessor-version":[{"id":6955,"href":"http:\/\/kleinheart2.vinterstum.no\/index.php?rest_route=\/wp\/v2\/posts\/6935\/revisions\/6955"}],"wp:attachment":[{"href":"http:\/\/kleinheart2.vinterstum.no\/index.php?rest_route=%2Fwp%2Fv2%2Fmedia&parent=6935"}],"wp:term":[{"taxonomy":"category","embeddable":true,"href":"http:\/\/kleinheart2.vinterstum.no\/index.php?rest_route=%2Fwp%2Fv2%2Fcategories&post=6935"},{"taxonomy":"post_tag","embeddable":true,"href":"http:\/\/kleinheart2.vinterstum.no\/index.php?rest_route=%2Fwp%2Fv2%2Ftags&post=6935"}],"curies":[{"name":"wp","href":"https:\/\/api.w.org\/{rel}","templated":true}]}}