{"id":14,"date":"2011-12-08T07:39:27","date_gmt":"2011-12-08T06:39:27","guid":{"rendered":"http:\/\/kleinheart2.vinterstum.no\/?p=14"},"modified":"2011-12-08T07:41:31","modified_gmt":"2011-12-08T06:41:31","slug":"luke-8-winter-is-coming","status":"publish","type":"post","link":"http:\/\/kleinheart2.vinterstum.no\/?p=14","title":{"rendered":"Luke 8: Winter is coming"},"content":{"rendered":"<p style=\"text-align: center;\"><a href=\"https:\/\/i1.wp.com\/kleinheart2.vinterstum.no\/wp-content\/uploads\/2011\/12\/winter2.jpg\"><img loading=\"lazy\" class=\"aligncenter size-full wp-image-166\" title=\"winter\" src=\"https:\/\/i1.wp.com\/kleinheart2.vinterstum.no\/wp-content\/uploads\/2011\/12\/winter2.jpg?resize=600%2C224\" alt=\"\" width=\"600\" height=\"224\" srcset=\"https:\/\/i1.wp.com\/kleinheart2.vinterstum.no\/wp-content\/uploads\/2011\/12\/winter2.jpg?w=600 600w, https:\/\/i1.wp.com\/kleinheart2.vinterstum.no\/wp-content\/uploads\/2011\/12\/winter2.jpg?resize=300%2C112 300w\" sizes=\"(max-width: 709px) 85vw, (max-width: 909px) 67vw, (max-width: 984px) 61vw, (max-width: 1362px) 45vw, 600px\" data-recalc-dims=\"1\" \/><\/a><\/p>\n<p>Vinteren kommer. Ikke som noe sjokk, du har lenge visst at den er rett rundt hj\u00f8rnet. Vinteren kommer. Du vet dette.<\/p>\n<p>Temperaturene har falt stabilt som b\u00f8rsene fra sommeren og utover h\u00f8sten. Der det i juli m\u00e5ned var nok \u00e5 kaste p\u00e5 deg noen frekke flip-flops eller et par plasttresko f\u00f8r man satt ut av d\u00f8ren, m\u00e5 du n\u00e5 bruke b\u00e5de frakk og sannsynligvis lue. Muligens ogs\u00e5 hansker.\u00a0Vinteren kommer. Du vet dette.<\/p>\n<p>Der man i de glade sommerdager knapt fikk s\u00f8vn p\u00e5 \u00f8yet fordi solen s\u00e5vidt snek seg under horisonten noen sm\u00e5 timer midt p\u00e5 natten, er det n\u00e5 m\u00f8rkt fra lenge f\u00f8r du drar fra jobb. Den usle solen som knapt varmer noen fattige timer rundt lunch er kun en skygge av den varme gledessprederen som du badet i p\u00e5 sommeren. Vinteren kommer. Du vet dette.<\/p>\n<p>Du har sett \u00e5rstidenes gang f\u00f8r. Du vet at n\u00e5r kalenderen tikker sakte mot nytt\u00e5r og november, ja desember gj\u00f8r sitt inntog &#8211; da st\u00e5r vinteren like om hj\u00f8rnet og venter. Hopper plutselig frem. Vinteren kommer. Du vet dette.<\/p>\n<p>Tegnene har v\u00e6rt der lenge, men denne uken kom endelig den f\u00f8rste sn\u00f8en til hovedstaden. Dette markerer p\u00e5 en m\u00e5te det du lenge har visst, nemlig at vinteren er her. Endelig dekkes v\u00e5re tr\u00e6r, jorder og ikke minst veier i dette hvite, magiske pulveret. Men du har lenge visst at vinteren kommer.<\/p>\n<p>S\u00e5 hvorfor i helvete har du enda ikke f\u00e5tt skiftet til vinterhjul? Hvorfor st\u00e5r du og spinner som et fjols i den minste bakke og midt i lyskryss. Hvorfor lager du et helvete for alle oss andre?<\/p>\n<p>Din faens dritt.<\/p>\n","protected":false},"excerpt":{"rendered":"<p>Vinteren kommer. Ikke som noe sjokk, du har lenge visst at den er rett rundt hj\u00f8rnet. Vinteren kommer. Du vet dette. Temperaturene har falt stabilt som b\u00f8rsene fra sommeren og utover h\u00f8sten. Der det i juli m\u00e5ned var nok \u00e5 kaste p\u00e5 deg noen frekke flip-flops eller et par plasttresko f\u00f8r man satt ut av &hellip; <a href=\"http:\/\/kleinheart2.vinterstum.no\/?p=14\" class=\"more-link\">Continue reading<span class=\"screen-reader-text\"> &#8220;Luke 8: Winter is coming&#8221;<\/span><\/a><\/p>\n","protected":false},"author":3,"featured_media":159,"comment_status":"open","ping_status":"open","sticky":false,"template":"","format":"standard","meta":{"spay_email":""},"categories":[1],"tags":[],"jetpack_featured_media_url":"https:\/\/i2.wp.com\/kleinheart2.vinterstum.no\/wp-content\/uploads\/2011\/12\/winter.jpg?fit=625%2C351","jetpack_shortlink":"https:\/\/wp.me\/p223SL-e","_links":{"self":[{"href":"http:\/\/kleinheart2.vinterstum.no\/index.php?rest_route=\/wp\/v2\/posts\/14"}],"collection":[{"href":"http:\/\/kleinheart2.vinterstum.no\/index.php?rest_route=\/wp\/v2\/posts"}],"about":[{"href":"http:\/\/kleinheart2.vinterstum.no\/index.php?rest_route=\/wp\/v2\/types\/post"}],"author":[{"embeddable":true,"href":"http:\/\/kleinheart2.vinterstum.no\/index.php?rest_route=\/wp\/v2\/users\/3"}],"replies":[{"embeddable":true,"href":"http:\/\/kleinheart2.vinterstum.no\/index.php?rest_route=%2Fwp%2Fv2%2Fcomments&post=14"}],"version-history":[{"count":14,"href":"http:\/\/kleinheart2.vinterstum.no\/index.php?rest_route=\/wp\/v2\/posts\/14\/revisions"}],"predecessor-version":[{"id":171,"href":"http:\/\/kleinheart2.vinterstum.no\/index.php?rest_route=\/wp\/v2\/posts\/14\/revisions\/171"}],"wp:featuredmedia":[{"embeddable":true,"href":"http:\/\/kleinheart2.vinterstum.no\/index.php?rest_route=\/wp\/v2\/media\/159"}],"wp:attachment":[{"href":"http:\/\/kleinheart2.vinterstum.no\/index.php?rest_route=%2Fwp%2Fv2%2Fmedia&parent=14"}],"wp:term":[{"taxonomy":"category","embeddable":true,"href":"http:\/\/kleinheart2.vinterstum.no\/index.php?rest_route=%2Fwp%2Fv2%2Fcategories&post=14"},{"taxonomy":"post_tag","embeddable":true,"href":"http:\/\/kleinheart2.vinterstum.no\/index.php?rest_route=%2Fwp%2Fv2%2Ftags&post=14"}],"curies":[{"name":"wp","href":"https:\/\/api.w.org\/{rel}","templated":true}]}}